{"id":9862,"date":"2025-12-12T19:50:49","date_gmt":"2025-12-12T19:50:49","guid":{"rendered":"https:\/\/baptisten-waldshut.de\/?p=9862"},"modified":"2025-12-12T19:54:47","modified_gmt":"2025-12-12T19:54:47","slug":"14-12-bunter-adventsnachmittag","status":"publish","type":"post","link":"https:\/\/baptisten-waldshut.de\/index.php\/2025\/12\/12\/14-12-bunter-adventsnachmittag\/","title":{"rendered":"14.12. Bunter Adventsnachmittag"},"content":{"rendered":"\n<p>Am 3. Advent ab 15 Uhr entdecken wir Weihnachten mit allen Sinnen. Sei dabei, wenn wir Advents- und Weihnachtslieder singen, Geschichten h\u00f6ren, Pl\u00e4tzchen genie\u00dfen und vieles mehr. Du bist herzlich eingeladen!<\/p>\n","protected":false},"excerpt":{"rendered":"<p>Am 3. Advent ab 15 Uhr entdecken wir Weihnachten mit allen Sinnen. Sei dabei, wenn wir Advents- und Weihnachtslieder singen, Geschichten h\u00f6ren, Pl\u00e4tzchen genie\u00dfen und vieles mehr. Du bist herzlich eingeladen!<\/p>\n","protected":false},"author":1,"featured_media":9860,"comment_status":"closed","ping_status":"closed","sticky":false,"template":"","format":"standard","meta":{"footnotes":""},"categories":[22],"tags":[],"class_list":["post-9862","post","type-post","status-publish","format-standard","has-post-thumbnail","hentry","category-news"],"_links":{"self":[{"href":"https:\/\/baptisten-waldshut.de\/index.php\/wp-json\/wp\/v2\/posts\/9862","targetHints":{"allow":["GET"]}}],"collection":[{"href":"https:\/\/baptisten-waldshut.de\/index.php\/wp-json\/wp\/v2\/posts"}],"about":[{"href":"https:\/\/baptisten-waldshut.de\/index.php\/wp-json\/wp\/v2\/types\/post"}],"author":[{"embeddable":true,"href":"https:\/\/baptisten-waldshut.de\/index.php\/wp-json\/wp\/v2\/users\/1"}],"replies":[{"embeddable":true,"href":"https:\/\/baptisten-waldshut.de\/index.php\/wp-json\/wp\/v2\/comments?post=9862"}],"version-history":[{"count":1,"href":"https:\/\/baptisten-waldshut.de\/index.php\/wp-json\/wp\/v2\/posts\/9862\/revisions"}],"predecessor-version":[{"id":9863,"href":"https:\/\/baptisten-waldshut.de\/index.php\/wp-json\/wp\/v2\/posts\/9862\/revisions\/9863"}],"wp:featuredmedia":[{"embeddable":true,"href":"https:\/\/baptisten-waldshut.de\/index.php\/wp-json\/wp\/v2\/media\/9860"}],"wp:attachment":[{"href":"https:\/\/baptisten-waldshut.de\/index.php\/wp-json\/wp\/v2\/media?parent=9862"}],"wp:term":[{"taxonomy":"category","embeddable":true,"href":"https:\/\/baptisten-waldshut.de\/index.php\/wp-json\/wp\/v2\/categories?post=9862"},{"taxonomy":"post_tag","embeddable":true,"href":"https:\/\/baptisten-waldshut.de\/index.php\/wp-json\/wp\/v2\/tags?post=9862"}],"curies":[{"name":"wp","href":"https:\/\/api.w.org\/{rel}","templated":true}]}}