{"id":9815,"date":"2025-06-17T15:12:13","date_gmt":"2025-06-17T15:12:13","guid":{"rendered":"https:\/\/baptisten-waldshut.de\/?p=9815"},"modified":"2025-06-17T15:12:14","modified_gmt":"2025-06-17T15:12:14","slug":"das-war-die-taeuferausstellung","status":"publish","type":"post","link":"https:\/\/baptisten-waldshut.de\/index.php\/2025\/06\/17\/das-war-die-taeuferausstellung\/","title":{"rendered":"Das war die T\u00e4uferausstellung"},"content":{"rendered":"\n<p>Vom 5. bis 21. April 2025 zeigten wir die vom Verein 500 Jahre T\u00e4uferbewegung e.V. erarbeitete Ausstellung \u201eGewagt! 500 Jahre T\u00e4uferbewegung.\u201c Sie wurde durch die besondere Geschichte Waldshuts durch den T\u00e4ufer Balthasar Hubmaier mit drei eigens dazu erarbeiteten Rollups erweitert. Auch die engen Beziehungen zwischen Waldshut in Hubmaiers Zeit mit den Bauern aus St\u00fchlingen (Beginn des Bauernkrieges 1524) wurden beleuchtet. Hubmaier hatte wiederholt viel Verst\u00e4ndnis f\u00fcr das Anliegen der Bauern gezeigt und wirkte durch seine Predigten inspirierend f\u00fcr deren Anliegen.<\/p>\n\n\n\n<p>Einen besonderen Reiz erhielt das Ausstellungs-Projekt im historischen Geb\u00e4ude der Stadtscheuer. Personenpuppen in entsprechender Kleidung oder mit damaligen Waffen ausgestattet, sowie b\u00e4uerliche Objekte aus alter Zeit verst\u00e4rkten den historischen Bezug. Verschiedene Museen, Vereine und auch Einzelpersonen hatten dazu Objekte unentgeltlich ausgeliehen.<\/p>\n\n\n\n<figure class=\"wp-block-gallery aligncenter has-nested-images columns-default is-cropped wp-block-gallery-1 is-layout-flex wp-block-gallery-is-layout-flex\">\n<figure class=\"wp-block-image size-large\"><img loading=\"lazy\" decoding=\"async\" width=\"1024\" height=\"683\" data-id=\"9832\" src=\"https:\/\/baptisten-waldshut.de\/wp-content\/uploads\/2025\/06\/NF_1993-1024x683.jpg\" alt=\"\" class=\"wp-image-9832\" srcset=\"https:\/\/baptisten-waldshut.de\/wp-content\/uploads\/2025\/06\/NF_1993-1024x683.jpg 1024w, https:\/\/baptisten-waldshut.de\/wp-content\/uploads\/2025\/06\/NF_1993-300x200.jpg 300w, https:\/\/baptisten-waldshut.de\/wp-content\/uploads\/2025\/06\/NF_1993-768x512.jpg 768w, https:\/\/baptisten-waldshut.de\/wp-content\/uploads\/2025\/06\/NF_1993-1536x1024.jpg 1536w, https:\/\/baptisten-waldshut.de\/wp-content\/uploads\/2025\/06\/NF_1993-2048x1365.jpg 2048w, https:\/\/baptisten-waldshut.de\/wp-content\/uploads\/2025\/06\/NF_1993-1620x1080.jpg 1620w\" sizes=\"auto, (max-width: 1024px) 100vw, 1024px\" \/><\/figure>\n\n\n\n<figure class=\"wp-block-image size-large\"><img loading=\"lazy\" decoding=\"async\" width=\"1024\" height=\"683\" data-id=\"9820\" src=\"https:\/\/baptisten-waldshut.de\/wp-content\/uploads\/2025\/06\/NF_1447-1024x683.jpg\" alt=\"\" class=\"wp-image-9820\" srcset=\"https:\/\/baptisten-waldshut.de\/wp-content\/uploads\/2025\/06\/NF_1447-1024x683.jpg 1024w, https:\/\/baptisten-waldshut.de\/wp-content\/uploads\/2025\/06\/NF_1447-300x200.jpg 300w, https:\/\/baptisten-waldshut.de\/wp-content\/uploads\/2025\/06\/NF_1447-768x512.jpg 768w, https:\/\/baptisten-waldshut.de\/wp-content\/uploads\/2025\/06\/NF_1447-1536x1024.jpg 1536w, https:\/\/baptisten-waldshut.de\/wp-content\/uploads\/2025\/06\/NF_1447-2048x1365.jpg 2048w, https:\/\/baptisten-waldshut.de\/wp-content\/uploads\/2025\/06\/NF_1447-1620x1080.jpg 1620w\" sizes=\"auto, (max-width: 1024px) 100vw, 1024px\" \/><\/figure>\n\n\n\n<figure class=\"wp-block-image size-large\"><img loading=\"lazy\" decoding=\"async\" width=\"1024\" height=\"683\" data-id=\"9831\" src=\"https:\/\/baptisten-waldshut.de\/wp-content\/uploads\/2025\/06\/NF_1450-1024x683.jpg\" alt=\"\" class=\"wp-image-9831\" srcset=\"https:\/\/baptisten-waldshut.de\/wp-content\/uploads\/2025\/06\/NF_1450-1024x683.jpg 1024w, https:\/\/baptisten-waldshut.de\/wp-content\/uploads\/2025\/06\/NF_1450-300x200.jpg 300w, https:\/\/baptisten-waldshut.de\/wp-content\/uploads\/2025\/06\/NF_1450-768x512.jpg 768w, https:\/\/baptisten-waldshut.de\/wp-content\/uploads\/2025\/06\/NF_1450-1536x1024.jpg 1536w, https:\/\/baptisten-waldshut.de\/wp-content\/uploads\/2025\/06\/NF_1450-2048x1365.jpg 2048w, https:\/\/baptisten-waldshut.de\/wp-content\/uploads\/2025\/06\/NF_1450-1620x1080.jpg 1620w\" sizes=\"auto, (max-width: 1024px) 100vw, 1024px\" \/><\/figure>\n\n\n\n<figure class=\"wp-block-image size-large\"><img loading=\"lazy\" decoding=\"async\" width=\"1024\" height=\"683\" data-id=\"9816\" src=\"https:\/\/baptisten-waldshut.de\/wp-content\/uploads\/2025\/06\/NF_1473-1024x683.jpg\" alt=\"\" class=\"wp-image-9816\" srcset=\"https:\/\/baptisten-waldshut.de\/wp-content\/uploads\/2025\/06\/NF_1473-1024x683.jpg 1024w, https:\/\/baptisten-waldshut.de\/wp-content\/uploads\/2025\/06\/NF_1473-300x200.jpg 300w, https:\/\/baptisten-waldshut.de\/wp-content\/uploads\/2025\/06\/NF_1473-768x512.jpg 768w, https:\/\/baptisten-waldshut.de\/wp-content\/uploads\/2025\/06\/NF_1473-1536x1024.jpg 1536w, https:\/\/baptisten-waldshut.de\/wp-content\/uploads\/2025\/06\/NF_1473-2048x1366.jpg 2048w, https:\/\/baptisten-waldshut.de\/wp-content\/uploads\/2025\/06\/NF_1473-1620x1080.jpg 1620w\" sizes=\"auto, (max-width: 1024px) 100vw, 1024px\" \/><\/figure>\n\n\n\n<figure class=\"wp-block-image size-large\"><img loading=\"lazy\" decoding=\"async\" width=\"1024\" height=\"683\" data-id=\"9826\" src=\"https:\/\/baptisten-waldshut.de\/wp-content\/uploads\/2025\/06\/NF_1470-1024x683.jpg\" alt=\"\" class=\"wp-image-9826\" srcset=\"https:\/\/baptisten-waldshut.de\/wp-content\/uploads\/2025\/06\/NF_1470-1024x683.jpg 1024w, https:\/\/baptisten-waldshut.de\/wp-content\/uploads\/2025\/06\/NF_1470-300x200.jpg 300w, https:\/\/baptisten-waldshut.de\/wp-content\/uploads\/2025\/06\/NF_1470-768x512.jpg 768w, https:\/\/baptisten-waldshut.de\/wp-content\/uploads\/2025\/06\/NF_1470-1536x1024.jpg 1536w, https:\/\/baptisten-waldshut.de\/wp-content\/uploads\/2025\/06\/NF_1470-2048x1365.jpg 2048w, https:\/\/baptisten-waldshut.de\/wp-content\/uploads\/2025\/06\/NF_1470-1620x1080.jpg 1620w\" sizes=\"auto, (max-width: 1024px) 100vw, 1024px\" \/><\/figure>\n\n\n\n<figure class=\"wp-block-image size-large\"><img loading=\"lazy\" decoding=\"async\" width=\"1024\" height=\"683\" data-id=\"9821\" src=\"https:\/\/baptisten-waldshut.de\/wp-content\/uploads\/2025\/06\/NF_1461-1024x683.jpg\" alt=\"\" class=\"wp-image-9821\" srcset=\"https:\/\/baptisten-waldshut.de\/wp-content\/uploads\/2025\/06\/NF_1461-1024x683.jpg 1024w, https:\/\/baptisten-waldshut.de\/wp-content\/uploads\/2025\/06\/NF_1461-300x200.jpg 300w, https:\/\/baptisten-waldshut.de\/wp-content\/uploads\/2025\/06\/NF_1461-768x512.jpg 768w, https:\/\/baptisten-waldshut.de\/wp-content\/uploads\/2025\/06\/NF_1461-1536x1024.jpg 1536w, https:\/\/baptisten-waldshut.de\/wp-content\/uploads\/2025\/06\/NF_1461-2048x1365.jpg 2048w, https:\/\/baptisten-waldshut.de\/wp-content\/uploads\/2025\/06\/NF_1461-1620x1080.jpg 1620w\" sizes=\"auto, (max-width: 1024px) 100vw, 1024px\" \/><\/figure>\n\n\n\n<figure class=\"wp-block-image size-large\"><img loading=\"lazy\" decoding=\"async\" width=\"1024\" height=\"576\" data-id=\"9833\" src=\"https:\/\/baptisten-waldshut.de\/wp-content\/uploads\/2025\/06\/NF_1997-1024x576.jpg\" alt=\"\" class=\"wp-image-9833\" srcset=\"https:\/\/baptisten-waldshut.de\/wp-content\/uploads\/2025\/06\/NF_1997-1024x576.jpg 1024w, https:\/\/baptisten-waldshut.de\/wp-content\/uploads\/2025\/06\/NF_1997-300x169.jpg 300w, https:\/\/baptisten-waldshut.de\/wp-content\/uploads\/2025\/06\/NF_1997-768x432.jpg 768w, https:\/\/baptisten-waldshut.de\/wp-content\/uploads\/2025\/06\/NF_1997-1536x864.jpg 1536w, https:\/\/baptisten-waldshut.de\/wp-content\/uploads\/2025\/06\/NF_1997-2048x1152.jpg 2048w, https:\/\/baptisten-waldshut.de\/wp-content\/uploads\/2025\/06\/NF_1997-1920x1080.jpg 1920w\" sizes=\"auto, (max-width: 1024px) 100vw, 1024px\" \/><\/figure>\n\n\n\n<figure class=\"wp-block-image size-large\"><img loading=\"lazy\" decoding=\"async\" width=\"1024\" height=\"683\" data-id=\"9827\" src=\"https:\/\/baptisten-waldshut.de\/wp-content\/uploads\/2025\/06\/NF_2012-1024x683.jpg\" alt=\"\" class=\"wp-image-9827\" srcset=\"https:\/\/baptisten-waldshut.de\/wp-content\/uploads\/2025\/06\/NF_2012-1024x683.jpg 1024w, https:\/\/baptisten-waldshut.de\/wp-content\/uploads\/2025\/06\/NF_2012-300x200.jpg 300w, https:\/\/baptisten-waldshut.de\/wp-content\/uploads\/2025\/06\/NF_2012-768x512.jpg 768w, https:\/\/baptisten-waldshut.de\/wp-content\/uploads\/2025\/06\/NF_2012-1536x1024.jpg 1536w, https:\/\/baptisten-waldshut.de\/wp-content\/uploads\/2025\/06\/NF_2012-2048x1366.jpg 2048w, https:\/\/baptisten-waldshut.de\/wp-content\/uploads\/2025\/06\/NF_2012-1620x1080.jpg 1620w\" sizes=\"auto, (max-width: 1024px) 100vw, 1024px\" \/><\/figure>\n\n\n\n<figure class=\"wp-block-image size-large\"><img loading=\"lazy\" decoding=\"async\" width=\"1024\" height=\"576\" data-id=\"9829\" src=\"https:\/\/baptisten-waldshut.de\/wp-content\/uploads\/2025\/06\/NF_2010-1024x576.jpg\" alt=\"\" class=\"wp-image-9829\" srcset=\"https:\/\/baptisten-waldshut.de\/wp-content\/uploads\/2025\/06\/NF_2010-1024x576.jpg 1024w, https:\/\/baptisten-waldshut.de\/wp-content\/uploads\/2025\/06\/NF_2010-300x169.jpg 300w, https:\/\/baptisten-waldshut.de\/wp-content\/uploads\/2025\/06\/NF_2010-768x432.jpg 768w, https:\/\/baptisten-waldshut.de\/wp-content\/uploads\/2025\/06\/NF_2010-1536x864.jpg 1536w, https:\/\/baptisten-waldshut.de\/wp-content\/uploads\/2025\/06\/NF_2010-2048x1152.jpg 2048w, https:\/\/baptisten-waldshut.de\/wp-content\/uploads\/2025\/06\/NF_2010-1920x1080.jpg 1920w\" sizes=\"auto, (max-width: 1024px) 100vw, 1024px\" \/><\/figure>\n\n\n\n<figure class=\"wp-block-image size-large\"><img loading=\"lazy\" decoding=\"async\" width=\"1024\" height=\"683\" data-id=\"9828\" src=\"https:\/\/baptisten-waldshut.de\/wp-content\/uploads\/2025\/06\/NF_2198-1024x683.jpg\" alt=\"\" class=\"wp-image-9828\" srcset=\"https:\/\/baptisten-waldshut.de\/wp-content\/uploads\/2025\/06\/NF_2198-1024x683.jpg 1024w, https:\/\/baptisten-waldshut.de\/wp-content\/uploads\/2025\/06\/NF_2198-300x200.jpg 300w, https:\/\/baptisten-waldshut.de\/wp-content\/uploads\/2025\/06\/NF_2198-768x512.jpg 768w, https:\/\/baptisten-waldshut.de\/wp-content\/uploads\/2025\/06\/NF_2198-1536x1024.jpg 1536w, https:\/\/baptisten-waldshut.de\/wp-content\/uploads\/2025\/06\/NF_2198-2048x1365.jpg 2048w, https:\/\/baptisten-waldshut.de\/wp-content\/uploads\/2025\/06\/NF_2198-1620x1080.jpg 1620w\" sizes=\"auto, (max-width: 1024px) 100vw, 1024px\" \/><\/figure>\n\n\n\n<figure class=\"wp-block-image size-large\"><img loading=\"lazy\" decoding=\"async\" width=\"1024\" height=\"683\" data-id=\"9819\" src=\"https:\/\/baptisten-waldshut.de\/wp-content\/uploads\/2025\/06\/NF_2251-1024x683.jpg\" alt=\"\" class=\"wp-image-9819\" srcset=\"https:\/\/baptisten-waldshut.de\/wp-content\/uploads\/2025\/06\/NF_2251-1024x683.jpg 1024w, https:\/\/baptisten-waldshut.de\/wp-content\/uploads\/2025\/06\/NF_2251-300x200.jpg 300w, https:\/\/baptisten-waldshut.de\/wp-content\/uploads\/2025\/06\/NF_2251-768x512.jpg 768w, https:\/\/baptisten-waldshut.de\/wp-content\/uploads\/2025\/06\/NF_2251-1536x1024.jpg 1536w, https:\/\/baptisten-waldshut.de\/wp-content\/uploads\/2025\/06\/NF_2251-2048x1365.jpg 2048w, https:\/\/baptisten-waldshut.de\/wp-content\/uploads\/2025\/06\/NF_2251-1620x1080.jpg 1620w\" sizes=\"auto, (max-width: 1024px) 100vw, 1024px\" \/><\/figure>\n\n\n\n<figure class=\"wp-block-image size-large\"><img loading=\"lazy\" decoding=\"async\" width=\"1024\" height=\"683\" data-id=\"9822\" src=\"https:\/\/baptisten-waldshut.de\/wp-content\/uploads\/2025\/06\/NF_2246-1024x683.jpg\" alt=\"\" class=\"wp-image-9822\" srcset=\"https:\/\/baptisten-waldshut.de\/wp-content\/uploads\/2025\/06\/NF_2246-1024x683.jpg 1024w, https:\/\/baptisten-waldshut.de\/wp-content\/uploads\/2025\/06\/NF_2246-300x200.jpg 300w, https:\/\/baptisten-waldshut.de\/wp-content\/uploads\/2025\/06\/NF_2246-768x512.jpg 768w, https:\/\/baptisten-waldshut.de\/wp-content\/uploads\/2025\/06\/NF_2246-1536x1024.jpg 1536w, https:\/\/baptisten-waldshut.de\/wp-content\/uploads\/2025\/06\/NF_2246-2048x1365.jpg 2048w, https:\/\/baptisten-waldshut.de\/wp-content\/uploads\/2025\/06\/NF_2246-1620x1080.jpg 1620w\" sizes=\"auto, (max-width: 1024px) 100vw, 1024px\" \/><\/figure>\n\n\n\n<figure class=\"wp-block-image size-large\"><img loading=\"lazy\" decoding=\"async\" width=\"1024\" height=\"576\" data-id=\"9818\" src=\"https:\/\/baptisten-waldshut.de\/wp-content\/uploads\/2025\/06\/NF_2223-1024x576.jpg\" alt=\"\" class=\"wp-image-9818\" srcset=\"https:\/\/baptisten-waldshut.de\/wp-content\/uploads\/2025\/06\/NF_2223-1024x576.jpg 1024w, https:\/\/baptisten-waldshut.de\/wp-content\/uploads\/2025\/06\/NF_2223-300x169.jpg 300w, https:\/\/baptisten-waldshut.de\/wp-content\/uploads\/2025\/06\/NF_2223-768x432.jpg 768w, https:\/\/baptisten-waldshut.de\/wp-content\/uploads\/2025\/06\/NF_2223-1536x864.jpg 1536w, https:\/\/baptisten-waldshut.de\/wp-content\/uploads\/2025\/06\/NF_2223-2048x1152.jpg 2048w, https:\/\/baptisten-waldshut.de\/wp-content\/uploads\/2025\/06\/NF_2223-1920x1080.jpg 1920w\" sizes=\"auto, (max-width: 1024px) 100vw, 1024px\" \/><\/figure>\n\n\n\n<figure class=\"wp-block-image size-large\"><img loading=\"lazy\" decoding=\"async\" width=\"1024\" height=\"683\" data-id=\"9825\" src=\"https:\/\/baptisten-waldshut.de\/wp-content\/uploads\/2025\/06\/NF_2254-1024x683.jpg\" alt=\"\" class=\"wp-image-9825\" srcset=\"https:\/\/baptisten-waldshut.de\/wp-content\/uploads\/2025\/06\/NF_2254-1024x683.jpg 1024w, https:\/\/baptisten-waldshut.de\/wp-content\/uploads\/2025\/06\/NF_2254-300x200.jpg 300w, https:\/\/baptisten-waldshut.de\/wp-content\/uploads\/2025\/06\/NF_2254-768x512.jpg 768w, https:\/\/baptisten-waldshut.de\/wp-content\/uploads\/2025\/06\/NF_2254-1536x1024.jpg 1536w, https:\/\/baptisten-waldshut.de\/wp-content\/uploads\/2025\/06\/NF_2254-2048x1365.jpg 2048w, https:\/\/baptisten-waldshut.de\/wp-content\/uploads\/2025\/06\/NF_2254-1620x1080.jpg 1620w\" sizes=\"auto, (max-width: 1024px) 100vw, 1024px\" \/><\/figure>\n\n\n\n<figure class=\"wp-block-image size-large\"><img loading=\"lazy\" decoding=\"async\" width=\"1024\" height=\"576\" data-id=\"9817\" src=\"https:\/\/baptisten-waldshut.de\/wp-content\/uploads\/2025\/06\/NF_2285-1024x576.jpg\" alt=\"\" class=\"wp-image-9817\" srcset=\"https:\/\/baptisten-waldshut.de\/wp-content\/uploads\/2025\/06\/NF_2285-1024x576.jpg 1024w, https:\/\/baptisten-waldshut.de\/wp-content\/uploads\/2025\/06\/NF_2285-300x169.jpg 300w, https:\/\/baptisten-waldshut.de\/wp-content\/uploads\/2025\/06\/NF_2285-768x432.jpg 768w, https:\/\/baptisten-waldshut.de\/wp-content\/uploads\/2025\/06\/NF_2285-1536x864.jpg 1536w, https:\/\/baptisten-waldshut.de\/wp-content\/uploads\/2025\/06\/NF_2285-2048x1152.jpg 2048w, https:\/\/baptisten-waldshut.de\/wp-content\/uploads\/2025\/06\/NF_2285-1920x1080.jpg 1920w\" sizes=\"auto, (max-width: 1024px) 100vw, 1024px\" \/><\/figure>\n\n\n\n<figure class=\"wp-block-image size-large\"><img loading=\"lazy\" decoding=\"async\" width=\"1024\" height=\"683\" data-id=\"9824\" src=\"https:\/\/baptisten-waldshut.de\/wp-content\/uploads\/2025\/06\/NF_2279-1024x683.jpg\" alt=\"\" class=\"wp-image-9824\" srcset=\"https:\/\/baptisten-waldshut.de\/wp-content\/uploads\/2025\/06\/NF_2279-1024x683.jpg 1024w, https:\/\/baptisten-waldshut.de\/wp-content\/uploads\/2025\/06\/NF_2279-300x200.jpg 300w, https:\/\/baptisten-waldshut.de\/wp-content\/uploads\/2025\/06\/NF_2279-768x512.jpg 768w, https:\/\/baptisten-waldshut.de\/wp-content\/uploads\/2025\/06\/NF_2279-1536x1024.jpg 1536w, https:\/\/baptisten-waldshut.de\/wp-content\/uploads\/2025\/06\/NF_2279-2048x1365.jpg 2048w, https:\/\/baptisten-waldshut.de\/wp-content\/uploads\/2025\/06\/NF_2279-1620x1080.jpg 1620w\" sizes=\"auto, (max-width: 1024px) 100vw, 1024px\" \/><\/figure>\n\n\n\n<figure class=\"wp-block-image size-large\"><img loading=\"lazy\" decoding=\"async\" width=\"1024\" height=\"683\" data-id=\"9823\" src=\"https:\/\/baptisten-waldshut.de\/wp-content\/uploads\/2025\/06\/NF_2303-1024x683.jpg\" alt=\"\" class=\"wp-image-9823\" srcset=\"https:\/\/baptisten-waldshut.de\/wp-content\/uploads\/2025\/06\/NF_2303-1024x683.jpg 1024w, https:\/\/baptisten-waldshut.de\/wp-content\/uploads\/2025\/06\/NF_2303-300x200.jpg 300w, https:\/\/baptisten-waldshut.de\/wp-content\/uploads\/2025\/06\/NF_2303-768x512.jpg 768w, https:\/\/baptisten-waldshut.de\/wp-content\/uploads\/2025\/06\/NF_2303-1536x1024.jpg 1536w, https:\/\/baptisten-waldshut.de\/wp-content\/uploads\/2025\/06\/NF_2303-2048x1365.jpg 2048w, https:\/\/baptisten-waldshut.de\/wp-content\/uploads\/2025\/06\/NF_2303-1620x1080.jpg 1620w\" sizes=\"auto, (max-width: 1024px) 100vw, 1024px\" \/><\/figure>\n<\/figure>\n\n\n\n<p>Einen H\u00f6hepunkt erfuhr die Ausstellung durch zwei Vortr\u00e4ge von Dr. phil. Christian Ruch zu Hubmaiers Wirken und dessen Reputation bis in die heutige Zeit sowie durch Lukas Amstutz zu Wirkungslinien der T\u00e4uferbewegung, f\u00fcr Religionsfreiheit, der Trennung von Staat und Kirche sowie der Erkl\u00e4rung der allgemeinen Menschenrechte. Die gut besuchten Vortr\u00e4ge k\u00f6nnen auf unserem <a href=\"https:\/\/www.youtube.com\/@internationalebaptistengem5290\">Youtube-Kanal<\/a> nachgeh\u00f6rt werden.\u00a0\u00a0Unbeabsichtigt, doch bezugsaktuell ergab sich, dass beide Vortragstermine am 15.\/16.04. historisch genau 500 Jahre nach Hubmaiers Taufe am Karsamstag, 15.04.1525 und dann dem Ostersonntag 16.04.1525 stattfanden. An jenem Ostersonntag taufte Hubmaier selbst etwa 300 Waldshuter B\u00fcrger.<\/p>\n\n\n\n<p>Die insgesamt 373 Besucher der Ausstellung reagierten durchweg positiv auf diese. In der ausliegenden Feedback-Kladde fand sich ein \u00fcberraschender Eintrag einer Besucherin:<\/p>\n\n\n\n<p><em>\u201e\u2026Besonders interessant dabei f\u00fcr mich war die Verbindung Hubmaier und Roger Williams \u2013 ein Vorfahr von mir! &#8230;\u201c&nbsp;<\/em>(Roger Williams gr\u00fcndete 1647 die erste \u201eDemokratie\u201c auf dem amerikanischen Kontinent \u2013 Rhode Island).<\/p>\n\n\n\n<p>Das ber\u00fchrte mich. Es lie\u00df mich sp\u00fcren, wie bedeutsam die Erinnerung von Geschichte in ihren historischen Zusammenh\u00e4ngen f\u00fcr uns ist. Wir genie\u00dfen heute die Fr\u00fcchte der damals noch sehr fr\u00fchen Forderungen der T\u00e4ufer nach Religionsfreiheit, Demokratie und Menschrechten. F\u00fcr die Menschen damals aber war das mit vielen pers\u00f6nlichen Nachteilen, Verfolgungen und oft genug mit dem Tod verbunden. Sch\u00e4tzen wir unsere Freiheiten hoch genug, um f\u00fcr sie einzutreten? Wie wichtig also, wenn wir wissen, wie alles und woraus alles geworden ist\u2026<\/p>\n\n\n\n<p><em>Siegfried Rosemann, Leiter des Orga-Teams<\/em><\/p>\n","protected":false},"excerpt":{"rendered":"<p>Vom 5. bis 21. April 2025 zeigten wir die vom Verein 500 Jahre T\u00e4uferbewegung e.V. erarbeitete Ausstellung \u201eGewagt! 500 Jahre T\u00e4uferbewegung.\u201c Sie wurde durch die besondere Geschichte Waldshuts durch den T\u00e4ufer Balthasar Hubmaier mit drei eigens dazu erarbeiteten Rollups erweitert. Auch die engen Beziehungen zwischen Waldshut in Hubmaiers Zeit mit den Bauern aus St\u00fchlingen (Beginn&hellip; <br \/> <a class=\"read-more\" href=\"https:\/\/baptisten-waldshut.de\/index.php\/2025\/06\/17\/das-war-die-taeuferausstellung\/\">Read more<\/a><\/p>\n","protected":false},"author":1,"featured_media":9773,"comment_status":"closed","ping_status":"closed","sticky":false,"template":"","format":"standard","meta":{"footnotes":""},"categories":[22],"tags":[],"class_list":["post-9815","post","type-post","status-publish","format-standard","has-post-thumbnail","hentry","category-news"],"_links":{"self":[{"href":"https:\/\/baptisten-waldshut.de\/index.php\/wp-json\/wp\/v2\/posts\/9815","targetHints":{"allow":["GET"]}}],"collection":[{"href":"https:\/\/baptisten-waldshut.de\/index.php\/wp-json\/wp\/v2\/posts"}],"about":[{"href":"https:\/\/baptisten-waldshut.de\/index.php\/wp-json\/wp\/v2\/types\/post"}],"author":[{"embeddable":true,"href":"https:\/\/baptisten-waldshut.de\/index.php\/wp-json\/wp\/v2\/users\/1"}],"replies":[{"embeddable":true,"href":"https:\/\/baptisten-waldshut.de\/index.php\/wp-json\/wp\/v2\/comments?post=9815"}],"version-history":[{"count":1,"href":"https:\/\/baptisten-waldshut.de\/index.php\/wp-json\/wp\/v2\/posts\/9815\/revisions"}],"predecessor-version":[{"id":9834,"href":"https:\/\/baptisten-waldshut.de\/index.php\/wp-json\/wp\/v2\/posts\/9815\/revisions\/9834"}],"wp:featuredmedia":[{"embeddable":true,"href":"https:\/\/baptisten-waldshut.de\/index.php\/wp-json\/wp\/v2\/media\/9773"}],"wp:attachment":[{"href":"https:\/\/baptisten-waldshut.de\/index.php\/wp-json\/wp\/v2\/media?parent=9815"}],"wp:term":[{"taxonomy":"category","embeddable":true,"href":"https:\/\/baptisten-waldshut.de\/index.php\/wp-json\/wp\/v2\/categories?post=9815"},{"taxonomy":"post_tag","embeddable":true,"href":"https:\/\/baptisten-waldshut.de\/index.php\/wp-json\/wp\/v2\/tags?post=9815"}],"curies":[{"name":"wp","href":"https:\/\/api.w.org\/{rel}","templated":true}]}}