{"id":9745,"date":"2024-11-12T10:35:39","date_gmt":"2024-11-12T10:35:39","guid":{"rendered":"https:\/\/baptisten-waldshut.de\/?p=9745"},"modified":"2024-11-12T10:35:40","modified_gmt":"2024-11-12T10:35:40","slug":"oekumene-im-gespraech-am-3-12","status":"publish","type":"post","link":"https:\/\/baptisten-waldshut.de\/index.php\/2024\/11\/12\/oekumene-im-gespraech-am-3-12\/","title":{"rendered":"\u00d6kumene im Gespr\u00e4ch am 3.12."},"content":{"rendered":"\n<p>\u201eMehr Sichtbarkeit in der Einheit und mehr Vers\u00f6hnung in der Verschiedenheit\u201c &#8211; so lautet der Titel eines Dokumentes, das die Evangelische Kirche in Deutschland (EKD) und die Deutsche Bischofskonferenz am 14. M\u00e4rz 2024 ver\u00f6ffentlichten. Mit diesem Dokument bekennen sich die beiden gro\u00dfen Kirchen zu einem gemeinsamen \u00f6kumenischen Weg.<\/p>\n\n\n\n<p>Am 3. Dezember um 19:39 Uhr werden in unserer Gemeinde \u00fcber die gelebte \u00d6kumene vor Ort ins Gespr\u00e4ch kommen und miteinander schauen, wie wir unseren gemeinsamen Glauben leben und sichtbar machen k\u00f6nnen.\u00a0<\/p>\n\n\n\n<p><\/p>\n","protected":false},"excerpt":{"rendered":"<p>\u201eMehr Sichtbarkeit in der Einheit und mehr Vers\u00f6hnung in der Verschiedenheit\u201c &#8211; so lautet der Titel eines Dokumentes, das die Evangelische Kirche in Deutschland (EKD) und die Deutsche Bischofskonferenz am 14. M\u00e4rz 2024 ver\u00f6ffentlichten. Mit diesem Dokument bekennen sich die beiden gro\u00dfen Kirchen zu einem gemeinsamen \u00f6kumenischen Weg. Am 3. Dezember um 19:39 Uhr werden&hellip; <br \/> <a class=\"read-more\" href=\"https:\/\/baptisten-waldshut.de\/index.php\/2024\/11\/12\/oekumene-im-gespraech-am-3-12\/\">Read more<\/a><\/p>\n","protected":false},"author":1,"featured_media":9746,"comment_status":"closed","ping_status":"closed","sticky":false,"template":"","format":"standard","meta":{"footnotes":""},"categories":[22],"tags":[],"class_list":["post-9745","post","type-post","status-publish","format-standard","has-post-thumbnail","hentry","category-news"],"_links":{"self":[{"href":"https:\/\/baptisten-waldshut.de\/index.php\/wp-json\/wp\/v2\/posts\/9745","targetHints":{"allow":["GET"]}}],"collection":[{"href":"https:\/\/baptisten-waldshut.de\/index.php\/wp-json\/wp\/v2\/posts"}],"about":[{"href":"https:\/\/baptisten-waldshut.de\/index.php\/wp-json\/wp\/v2\/types\/post"}],"author":[{"embeddable":true,"href":"https:\/\/baptisten-waldshut.de\/index.php\/wp-json\/wp\/v2\/users\/1"}],"replies":[{"embeddable":true,"href":"https:\/\/baptisten-waldshut.de\/index.php\/wp-json\/wp\/v2\/comments?post=9745"}],"version-history":[{"count":1,"href":"https:\/\/baptisten-waldshut.de\/index.php\/wp-json\/wp\/v2\/posts\/9745\/revisions"}],"predecessor-version":[{"id":9748,"href":"https:\/\/baptisten-waldshut.de\/index.php\/wp-json\/wp\/v2\/posts\/9745\/revisions\/9748"}],"wp:featuredmedia":[{"embeddable":true,"href":"https:\/\/baptisten-waldshut.de\/index.php\/wp-json\/wp\/v2\/media\/9746"}],"wp:attachment":[{"href":"https:\/\/baptisten-waldshut.de\/index.php\/wp-json\/wp\/v2\/media?parent=9745"}],"wp:term":[{"taxonomy":"category","embeddable":true,"href":"https:\/\/baptisten-waldshut.de\/index.php\/wp-json\/wp\/v2\/categories?post=9745"},{"taxonomy":"post_tag","embeddable":true,"href":"https:\/\/baptisten-waldshut.de\/index.php\/wp-json\/wp\/v2\/tags?post=9745"}],"curies":[{"name":"wp","href":"https:\/\/api.w.org\/{rel}","templated":true}]}}