{"id":9720,"date":"2024-08-26T08:29:01","date_gmt":"2024-08-26T08:29:01","guid":{"rendered":"https:\/\/baptisten-waldshut.de\/?p=9720"},"modified":"2024-08-26T08:37:32","modified_gmt":"2024-08-26T08:37:32","slug":"interkulturelle-woche-in-waldshut","status":"publish","type":"post","link":"https:\/\/baptisten-waldshut.de\/index.php\/2024\/08\/26\/interkulturelle-woche-in-waldshut\/","title":{"rendered":"Interkulturelle Woche in Waldshut"},"content":{"rendered":"\n<p>In diesem Jahr findet die 49. Interkulturelle Woche vom 22. bis 29. September statt. Sie ist eine Initiative der Deutschen Bischofskonferenz, der Evangelischen Kirche in Deutschland (EKD) und der Griechisch-Orthodoxen Metropolie.&nbsp;<\/p>\n\n\n\n<p>&#8222;Mit der Interkulturellen Woche m\u00f6chten wir ein Zeichen setzen f\u00fcr die Achtung der Menschenw\u00fcrde und den Schutz von Menschenrechten. Wir wollen neue R\u00e4ume der Begegnung, der Zusammenarbeit und des Vertrauens schaffen und erhalten. R\u00e4ume, wo jene Haltung, f\u00fcr die so viele Menschen derzeit mit Engagement auf die Stra\u00dfen gehen, im Miteinander sichtbar wird: die Achtung vor jedem anderen Menschen und die Wertsch\u00e4tzung der Vielfalt. In einer Zeit vieler Konflikte, Kriege und gewaltsamer Auseinandersetzungen an den Krisenherden der Welt schafft die Interkulturelle Woche neue R\u00e4ume der Verbundenheit und der Ermutigung.&#8220; Die Kirchenvertreter f\u00fcgen hinzu: &#8222;Unser Gemeinwesen lebt davon, dass wir als Menschen zugleich Mitmenschen sind und dass wir f\u00fcreinander Verantwortung \u00fcbernehmen.&#8220; Es sei die Pflicht von Christinnen und Christen, sich auf jede m\u00f6gliche Weise sch\u00fctzend vor die Menschen zu stellen, die aufgrund ihrer Herkunft, ihrer Religion oder ihres gesellschaftlichen Engagements von rechtsextremen Gruppen und Parteien bedroht, verunglimpft, angegriffen und verfolgt werden. &#8222;Und es ist ebenso unsere Pflicht, nach wie vor Menschen bei uns aufzunehmen, die zu uns kommen, weil sie vor Krieg und Elend fliehen m\u00fcssen. Ihre W\u00fcrde ist genauso unantastbar wie die aller anderen. Sie brauchen Schutz und Unterst\u00fctzung&#8220;, schreiben Bischof B\u00e4tzing, Bisch\u00f6fin Fehrs und Metropolit Augoustinos.<\/p>\n\n\n\n<p>Auch in Waldshut und im Landkreis werden verschiedene Veranstaltungen angeboten, die R\u00e4ume schaffen, um sich zu begegnen, einander kennenzulernen, zu verstehen, zu vernetzen und gemeinsam zu feiern.<\/p>\n\n\n\n<h2 class=\"wp-block-heading\">Die Veranstaltungen<\/h2>\n\n\n\n<p class=\"has-pale-cyan-blue-background-color has-background\">SONNTAG 22.9. um 10.30 Uhr<br><strong>\u00d6kumenischer Er\u00f6ffnungsgottesdienst<br><\/strong><em>\u00abKlang-R\u00e4ume <\/em><em>\u2013 Andere Kulturen und ihre Lieder\u00bb<\/em><br>in der Evangelischen Vers\u00f6hnungskirche<\/p>\n\n\n\n<p>DIENSTAG 24.9. um 19.30 Uhr<br><strong>\u00abFrauenrechte in verschiedenen Kulturen\u00bb<br><\/strong>Literaturabend in der Buchhandlung K\u00f6gel<br>in Tiengen, Hauptstr. 30, Eintritt frei! Reservierung unter:<br><em>info@buchkoegel.de oder 07741 7670&nbsp;<\/em><\/p>\n\n\n\n<p class=\"has-cyan-bluish-gray-background-color has-background\">MITTWOCH 25.9., 15.00 \u2013 17.30 Uhr<br><strong>World-Caf\u00e9 \u00abCoffee, Talk &amp; Paint\u00bb<br><\/strong>im M\u00fcnsterpfarrhof in Bad S\u00e4ckingen, Rathausplatz 19 Der Fachbereich Migration der Caritas Hochrhein l\u00e4dt ein, in internationalen Runden spielerisch ins Gespr\u00e4ch zu kommen und dabei ein kleines Kunstwerk zu schaffen.<br><em>Anmeldung erbeten unter: katrin.huber@caritas-hochrhein.de<\/em><\/p>\n\n\n\n<p>MITTWOCH 25.9. um 19.30 Uhr<br><strong>Kino-Film \u00abElaha\u00bb<\/strong><br>im Albrecht-Kino in Waldshut, Bernhalde 1, Eintritt: 9\u20ac&nbsp;<br>Elaha, eine junge Frau im Spagat zwischen famili\u00e4ren Traditionen und individueller Freiheit, beweist Mut und Vielschichtigkeit. Die 22-j\u00e4hrige Deutsch- Kurdin kommt dabei nie zur Ruhe.<br><em>Reservierung unter: 07751 91990 oder www.albrecht-kino.de<\/em><\/p>\n\n\n\n<p class=\"has-cyan-bluish-gray-background-color has-background\">DONNERSTAG 26.9., 17.00 \u2013 20.00 Uhr<br><strong>Workshop zur Interkulturalit\u00e4t<br><\/strong><em>\u00abMan sieht nur das, was man kennt\u00bb<\/em><br>in den R\u00e4umen vom Caritasverband Hochrhein, Poststr. 1 in Waldshut. Anmeldung erbeten unter:<br><em>anneli.ahnert@caritas-hochrhein.de<\/em><\/p>\n\n\n\n<p>FREITAG 27.9., 15.00 \u2013 18.00 Uhr<br><strong>Faszination Orientalischer Tanz<\/strong><br>zum Mitmachen mit anschlie\u00dfendem Ap\u00e9ro und internationalem Fingerfood mit Marietta Heyn, Vortragsraum im Haus der Stoll-Vita- Stiftung, Br\u00fcckenstr. 15 in Waldshut. Unkostenbeitrag: 7\u20ac <em>Anmeldung erbeten unter: m.pfeiffer@dw-hochrhein.de<\/em><\/p>\n\n\n\n<p class=\"has-cyan-bluish-gray-background-color has-background\">FREITAG 27.9. um 18.30 Uhr<br><strong>\u00abHoffnungs-R\u00e4ume\u00bb <\/strong><em>\u2013 ein anderer Blick auf<br>Seenotrettung, Fl\u00fcchtlingspolitik und N\u00e4chstenliebe<\/em>im Schloss Sch\u00f6nau in Bad S\u00e4ckingen, Sch\u00f6naugasse 5 mit Dr. Elisabeth Hartlieb von der Evangelischen Landeskirche in Baden. Eintritt frei!<\/p>\n\n\n\n<p>SAMSTAG 28.9., 10.00 \u2013 12.00 Uhr<br><strong>Internationales Fr\u00fchst\u00fcck im Schlosspark<\/strong><br>in Bad S\u00e4ckingen, Sch\u00f6naugasse 5<br>Feiern Sie die Vielfalt mit einem reichhaltigen Fingerfood-Buffet mit internationalen Spezialit\u00e4ten. Eintritt frei! Spende erbeten. <em>Bei schlechtem Wetter Infos hier: www.bad-saeckingen.de<\/em><\/p>\n\n\n\n<p class=\"has-black-color has-pale-ocean-gradient-background has-text-color has-background has-link-color wp-elements-d19aa48296bf18db42e100db0d32ed62\">SONNTAG 29.9. um 17.30 Uhr<br><strong>\u00abDas Leben ist nicht schwarz-wei\u00df\u00bb<br><\/strong>Lese-Lieder-Abend mit Judy-Bailey Special:&nbsp;<br>in der Evangelischen Vers\u00f6hnungskirche Waldshut.<br>Eintritt frei! Spende erbeten. <em><a href=\"https:\/\/baptisten-waldshut.de\/index.php\/2024\/08\/26\/das-leben-ist-nicht-schwarz-weiss\/\">Weitere Infos zu diesem Abend gibt es hier.<\/a><\/em><\/p>\n\n\n\n<p>SONNTAG 29.9. um 18.30 Uhr<br><strong>Vorstellung t\u00fcrkischer Gastarbeiterbiografien<\/strong><br>im Evangelischen Gemeindehaus,<br>Waldshuter Str. 42 in Bad S\u00e4ckingen. Eintritt frei!<\/p>\n\n\n\n<p class=\"has-cyan-bluish-gray-background-color has-background\">DONNERSTAG 3.10., 12.00 \u2013 18.00 Uhr<br><strong>Tag der offenen Moschee<br><\/strong>in der Afiyat Moschee der Ahmadiyya Muslim Gemeinde<br>in Tiengen, Badstra\u00dfe 22a. Eintritt frei!<\/p>\n","protected":false},"excerpt":{"rendered":"<p>In diesem Jahr findet die 49. Interkulturelle Woche vom 22. bis 29. September statt. Sie ist eine Initiative der Deutschen Bischofskonferenz, der Evangelischen Kirche in Deutschland (EKD) und der Griechisch-Orthodoxen Metropolie.&nbsp; &#8222;Mit der Interkulturellen Woche m\u00f6chten wir ein Zeichen setzen f\u00fcr die Achtung der Menschenw\u00fcrde und den Schutz von Menschenrechten. Wir wollen neue R\u00e4ume der&hellip; <br \/> <a class=\"read-more\" href=\"https:\/\/baptisten-waldshut.de\/index.php\/2024\/08\/26\/interkulturelle-woche-in-waldshut\/\">Read more<\/a><\/p>\n","protected":false},"author":1,"featured_media":9721,"comment_status":"closed","ping_status":"closed","sticky":false,"template":"","format":"standard","meta":{"footnotes":""},"categories":[22],"tags":[308],"class_list":["post-9720","post","type-post","status-publish","format-standard","has-post-thumbnail","hentry","category-news","tag-oekumene"],"_links":{"self":[{"href":"https:\/\/baptisten-waldshut.de\/index.php\/wp-json\/wp\/v2\/posts\/9720","targetHints":{"allow":["GET"]}}],"collection":[{"href":"https:\/\/baptisten-waldshut.de\/index.php\/wp-json\/wp\/v2\/posts"}],"about":[{"href":"https:\/\/baptisten-waldshut.de\/index.php\/wp-json\/wp\/v2\/types\/post"}],"author":[{"embeddable":true,"href":"https:\/\/baptisten-waldshut.de\/index.php\/wp-json\/wp\/v2\/users\/1"}],"replies":[{"embeddable":true,"href":"https:\/\/baptisten-waldshut.de\/index.php\/wp-json\/wp\/v2\/comments?post=9720"}],"version-history":[{"count":3,"href":"https:\/\/baptisten-waldshut.de\/index.php\/wp-json\/wp\/v2\/posts\/9720\/revisions"}],"predecessor-version":[{"id":9728,"href":"https:\/\/baptisten-waldshut.de\/index.php\/wp-json\/wp\/v2\/posts\/9720\/revisions\/9728"}],"wp:featuredmedia":[{"embeddable":true,"href":"https:\/\/baptisten-waldshut.de\/index.php\/wp-json\/wp\/v2\/media\/9721"}],"wp:attachment":[{"href":"https:\/\/baptisten-waldshut.de\/index.php\/wp-json\/wp\/v2\/media?parent=9720"}],"wp:term":[{"taxonomy":"category","embeddable":true,"href":"https:\/\/baptisten-waldshut.de\/index.php\/wp-json\/wp\/v2\/categories?post=9720"},{"taxonomy":"post_tag","embeddable":true,"href":"https:\/\/baptisten-waldshut.de\/index.php\/wp-json\/wp\/v2\/tags?post=9720"}],"curies":[{"name":"wp","href":"https:\/\/api.w.org\/{rel}","templated":true}]}}