{"id":9609,"date":"2023-09-15T08:16:37","date_gmt":"2023-09-15T08:16:37","guid":{"rendered":"https:\/\/baptisten-waldshut.de\/?p=9609"},"modified":"2023-09-15T08:19:30","modified_gmt":"2023-09-15T08:19:30","slug":"gottesdienst-fuer-alle-generationen","status":"publish","type":"post","link":"https:\/\/baptisten-waldshut.de\/index.php\/2023\/09\/15\/gottesdienst-fuer-alle-generationen\/","title":{"rendered":"Gottesdienst f\u00fcr alle Generationen"},"content":{"rendered":"\n<p>Am Sonntag, den 17. September feiern wir einen Gottesdienst f\u00fcr alle Generationen zum Schulstart. Nat\u00fcrlich ist auch Blupps wieder dabei. Lasst euch \u00fcberraschen, was er diesmal losl\u00e4sst!<\/p>\n\n\n\n<p>Im Gottesdienst gibt es auch einen Segnungsteil. Jeder ist eingeladen, sich f\u00fcr seine aktuelle Situation segnen und damit Gottes N\u00e4he zusprechen zu lassen.<\/p>\n\n\n\n<p>An diesem Sonntag ist auch GemeinschaftsSonntag. Nach dem Gottesdienst werden wir gemeinsam Mittag essen. Anschlie\u00dfend machen wir uns auf den Weg nach Birkendorf zum Kugelpfad. <\/p>\n\n\n\n<p>Sehen wir uns?<\/p>\n\n\n\n<h2 class=\"wp-block-heading\">\u00dcber unseren GemeinschaftsSonntag<\/h2>\n\n\n\n<p>Am meisten Freude haben wir, wenn wir tun, was wir lieben und das in Gemeinschaft. Deshalb ist jeder dritte Sonntag im Monat unser GemeinschaftsSonntag. Wir starten ganz normal mit dem Gottesdienst. Im Anschluss gibt es ein gemeinsames Mittagessen. Danach ist Zeit f\u00fcr verschiedenste gemeinsame Aktivit\u00e4ten. Da kann alles dabei sein von Wandern, Radeln, Basteln, Spielenachmittag oder was immer euch einf\u00e4llt. Damit k\u00f6nnen Freunde und Interessierte auch erst zum Mittagessen dazukommen oder Gottesdienstbesucher noch zum Mittagessen bleiben und dann erst nach Hause gehen. Keiner muss den ganzen Sonntag dabei sein \u2013 aber jeder kann! Sehen wir uns?<\/p>\n","protected":false},"excerpt":{"rendered":"<p>Am Sonntag, den 17. September feiern wir einen Gottesdienst f\u00fcr alle Generationen zum Schulstart. Nat\u00fcrlich ist auch Blupps wieder dabei. Lasst euch \u00fcberraschen, was er diesmal losl\u00e4sst! Im Gottesdienst gibt es auch einen Segnungsteil. Jeder ist eingeladen, sich f\u00fcr seine aktuelle Situation segnen und damit Gottes N\u00e4he zusprechen zu lassen. An diesem Sonntag ist auch&hellip; <br \/> <a class=\"read-more\" href=\"https:\/\/baptisten-waldshut.de\/index.php\/2023\/09\/15\/gottesdienst-fuer-alle-generationen\/\">Read more<\/a><\/p>\n","protected":false},"author":1,"featured_media":9610,"comment_status":"closed","ping_status":"closed","sticky":false,"template":"","format":"standard","meta":{"footnotes":""},"categories":[22],"tags":[],"class_list":["post-9609","post","type-post","status-publish","format-standard","has-post-thumbnail","hentry","category-news"],"_links":{"self":[{"href":"https:\/\/baptisten-waldshut.de\/index.php\/wp-json\/wp\/v2\/posts\/9609","targetHints":{"allow":["GET"]}}],"collection":[{"href":"https:\/\/baptisten-waldshut.de\/index.php\/wp-json\/wp\/v2\/posts"}],"about":[{"href":"https:\/\/baptisten-waldshut.de\/index.php\/wp-json\/wp\/v2\/types\/post"}],"author":[{"embeddable":true,"href":"https:\/\/baptisten-waldshut.de\/index.php\/wp-json\/wp\/v2\/users\/1"}],"replies":[{"embeddable":true,"href":"https:\/\/baptisten-waldshut.de\/index.php\/wp-json\/wp\/v2\/comments?post=9609"}],"version-history":[{"count":2,"href":"https:\/\/baptisten-waldshut.de\/index.php\/wp-json\/wp\/v2\/posts\/9609\/revisions"}],"predecessor-version":[{"id":9612,"href":"https:\/\/baptisten-waldshut.de\/index.php\/wp-json\/wp\/v2\/posts\/9609\/revisions\/9612"}],"wp:featuredmedia":[{"embeddable":true,"href":"https:\/\/baptisten-waldshut.de\/index.php\/wp-json\/wp\/v2\/media\/9610"}],"wp:attachment":[{"href":"https:\/\/baptisten-waldshut.de\/index.php\/wp-json\/wp\/v2\/media?parent=9609"}],"wp:term":[{"taxonomy":"category","embeddable":true,"href":"https:\/\/baptisten-waldshut.de\/index.php\/wp-json\/wp\/v2\/categories?post=9609"},{"taxonomy":"post_tag","embeddable":true,"href":"https:\/\/baptisten-waldshut.de\/index.php\/wp-json\/wp\/v2\/tags?post=9609"}],"curies":[{"name":"wp","href":"https:\/\/api.w.org\/{rel}","templated":true}]}}