{"id":9535,"date":"2022-11-30T14:43:41","date_gmt":"2022-11-30T14:43:41","guid":{"rendered":"https:\/\/baptisten-waldshut.de\/?p=9535"},"modified":"2022-11-30T14:45:18","modified_gmt":"2022-11-30T14:45:18","slug":"christvesper-am-24-12","status":"publish","type":"post","link":"https:\/\/baptisten-waldshut.de\/index.php\/2022\/11\/30\/christvesper-am-24-12\/","title":{"rendered":"Christvesper am 24.12."},"content":{"rendered":"\n<p>Am Heiligabend laden wir um 16 Uhr zu unserer Christvesper ein. Ein kurzes, etwas anderes Krippenspiel stimmt uns auf das Fest der Feste ein. Wir singen neue und alte Weihnachtslieder und einen lassen uns durch einen Impuls auf Weihnachten einstimmen.  <\/p>\n\n\n\n<p>Unsere Weihnachtskollekte ist f\u00fcr das Missionswerk EBM-international bestimmt. Mit dem Geld werden Projekte unterst\u00fctzt, die sich um gef\u00e4hrdete Kinder k\u00fcmmern. In Indien beispielsweise werden so in 12 Kinderheimen Pl\u00e4tze geschaffen, wo Kinder sicher aufwachsen k\u00f6nnen. Mehr als 700 Kinder erhalten dort die Chance auf eine Schulausbildung und entgehen der Gefahr von Ausbeutung und Kinderarbeit, die die Armut ihrer Familien oft mit sich bringt. Die Kinder in den Heimen sind meist keine Waisen: sie erhalten durch die Beziehungsarbeit der Projekte und der dazugeh\u00f6rigen Kirchen mit den Eltern die Chance auf einen Schulplatz und oft anschlie\u00dfend auf eine Berufsausbildung. <\/p>\n\n\n\n<p>Dar\u00fcber hinaus stellt EBM-international weitere Projekte in Mosambik und Argentinien<br><a href=\"http:\/\/www.ebm-international.de\">auf der Homepage <\/a>vor. <\/p>\n\n\n<div class=\"wp-block-image\">\n<figure class=\"aligncenter size-full is-resized\"><img loading=\"lazy\" decoding=\"async\" src=\"https:\/\/baptisten-waldshut.de\/wp-content\/uploads\/2022\/11\/csm_4_84efc1f80d.jpeg\" alt=\"\" class=\"wp-image-9537\" width=\"593\" height=\"445\" srcset=\"https:\/\/baptisten-waldshut.de\/wp-content\/uploads\/2022\/11\/csm_4_84efc1f80d.jpeg 800w, https:\/\/baptisten-waldshut.de\/wp-content\/uploads\/2022\/11\/csm_4_84efc1f80d-300x225.jpeg 300w, https:\/\/baptisten-waldshut.de\/wp-content\/uploads\/2022\/11\/csm_4_84efc1f80d-768x576.jpeg 768w\" sizes=\"auto, (max-width: 593px) 100vw, 593px\" \/><\/figure>\n<\/div>","protected":false},"excerpt":{"rendered":"<p>Am Heiligabend laden wir um 16 Uhr zu unserer Christvesper ein. Ein kurzes, etwas anderes Krippenspiel stimmt uns auf das Fest der Feste ein. Wir singen neue und alte Weihnachtslieder und einen lassen uns durch einen Impuls auf Weihnachten einstimmen. Unsere Weihnachtskollekte ist f\u00fcr das Missionswerk EBM-international bestimmt. Mit dem Geld werden Projekte unterst\u00fctzt, die&hellip; <br \/> <a class=\"read-more\" href=\"https:\/\/baptisten-waldshut.de\/index.php\/2022\/11\/30\/christvesper-am-24-12\/\">Read more<\/a><\/p>\n","protected":false},"author":1,"featured_media":9536,"comment_status":"closed","ping_status":"closed","sticky":false,"template":"","format":"standard","meta":{"footnotes":""},"categories":[22],"tags":[303,299,297,295],"class_list":["post-9535","post","type-post","status-publish","format-standard","has-post-thumbnail","hentry","category-news","tag-gebet","tag-gottesdienst","tag-musik","tag-weihnachten"],"_links":{"self":[{"href":"https:\/\/baptisten-waldshut.de\/index.php\/wp-json\/wp\/v2\/posts\/9535","targetHints":{"allow":["GET"]}}],"collection":[{"href":"https:\/\/baptisten-waldshut.de\/index.php\/wp-json\/wp\/v2\/posts"}],"about":[{"href":"https:\/\/baptisten-waldshut.de\/index.php\/wp-json\/wp\/v2\/types\/post"}],"author":[{"embeddable":true,"href":"https:\/\/baptisten-waldshut.de\/index.php\/wp-json\/wp\/v2\/users\/1"}],"replies":[{"embeddable":true,"href":"https:\/\/baptisten-waldshut.de\/index.php\/wp-json\/wp\/v2\/comments?post=9535"}],"version-history":[{"count":4,"href":"https:\/\/baptisten-waldshut.de\/index.php\/wp-json\/wp\/v2\/posts\/9535\/revisions"}],"predecessor-version":[{"id":9542,"href":"https:\/\/baptisten-waldshut.de\/index.php\/wp-json\/wp\/v2\/posts\/9535\/revisions\/9542"}],"wp:featuredmedia":[{"embeddable":true,"href":"https:\/\/baptisten-waldshut.de\/index.php\/wp-json\/wp\/v2\/media\/9536"}],"wp:attachment":[{"href":"https:\/\/baptisten-waldshut.de\/index.php\/wp-json\/wp\/v2\/media?parent=9535"}],"wp:term":[{"taxonomy":"category","embeddable":true,"href":"https:\/\/baptisten-waldshut.de\/index.php\/wp-json\/wp\/v2\/categories?post=9535"},{"taxonomy":"post_tag","embeddable":true,"href":"https:\/\/baptisten-waldshut.de\/index.php\/wp-json\/wp\/v2\/tags?post=9535"}],"curies":[{"name":"wp","href":"https:\/\/api.w.org\/{rel}","templated":true}]}}